{"id":4597,"date":"2025-05-25T16:11:37","date_gmt":"2025-05-25T14:11:37","guid":{"rendered":"https:\/\/sc-ostenland.de\/?p=4597"},"modified":"2025-06-04T11:50:02","modified_gmt":"2025-06-04T09:50:02","slug":"eisenach-wanderfahrt-vom-17-und-18-mai-2025","status":"publish","type":"post","link":"https:\/\/sc-ostenland.de\/index.php\/eisenach-wanderfahrt-vom-17-und-18-mai-2025\/.","title":{"rendered":"Eisenach &#8211; Wanderfahrt vom 17. und 18. Mai 2025"},"content":{"rendered":"<p><img loading=\"lazy\" decoding=\"async\" class=\"alignnone wp-image-4599\" src=\"https:\/\/sc-ostenland.de\/wp-content\/uploads\/2025\/05\/IMG-20250517-WA0002-Gruppenfoto--250x188.jpg\" alt=\"Gruppenfoto - Wanderung in Eisenach\" width=\"332\" height=\"249\" srcset=\"https:\/\/sc-ostenland.de\/wp-content\/uploads\/2025\/05\/IMG-20250517-WA0002-Gruppenfoto--250x188.jpg 250w, https:\/\/sc-ostenland.de\/wp-content\/uploads\/2025\/05\/IMG-20250517-WA0002-Gruppenfoto--700x525.jpg 700w, https:\/\/sc-ostenland.de\/wp-content\/uploads\/2025\/05\/IMG-20250517-WA0002-Gruppenfoto--768x576.jpg 768w, https:\/\/sc-ostenland.de\/wp-content\/uploads\/2025\/05\/IMG-20250517-WA0002-Gruppenfoto--1536x1152.jpg 1536w, https:\/\/sc-ostenland.de\/wp-content\/uploads\/2025\/05\/IMG-20250517-WA0002-Gruppenfoto--120x90.jpg 120w, https:\/\/sc-ostenland.de\/wp-content\/uploads\/2025\/05\/IMG-20250517-WA0002-Gruppenfoto-.jpg 1600w\" sizes=\"(max-width: 332px) 100vw, 332px\" \/> <img loading=\"lazy\" decoding=\"async\" width=\"250\" height=\"333\" class=\"alignnone size-medium wp-image-4600\" src=\"https:\/\/sc-ostenland.de\/wp-content\/uploads\/2025\/05\/IMG-20250518-WA0043-Burschenschaftsdenkmal-250x333.jpg\" alt=\"Burschenschaftsdenkmal\" srcset=\"https:\/\/sc-ostenland.de\/wp-content\/uploads\/2025\/05\/IMG-20250518-WA0043-Burschenschaftsdenkmal-250x333.jpg 250w, https:\/\/sc-ostenland.de\/wp-content\/uploads\/2025\/05\/IMG-20250518-WA0043-Burschenschaftsdenkmal-700x933.jpg 700w, https:\/\/sc-ostenland.de\/wp-content\/uploads\/2025\/05\/IMG-20250518-WA0043-Burschenschaftsdenkmal-768x1024.jpg 768w, https:\/\/sc-ostenland.de\/wp-content\/uploads\/2025\/05\/IMG-20250518-WA0043-Burschenschaftsdenkmal-1152x1536.jpg 1152w, https:\/\/sc-ostenland.de\/wp-content\/uploads\/2025\/05\/IMG-20250518-WA0043-Burschenschaftsdenkmal-120x160.jpg 120w, https:\/\/sc-ostenland.de\/wp-content\/uploads\/2025\/05\/IMG-20250518-WA0043-Burschenschaftsdenkmal.jpg 1536w\" sizes=\"(max-width: 250px) 100vw, 250px\" \/> <img loading=\"lazy\" decoding=\"async\" class=\"alignnone wp-image-4601\" src=\"https:\/\/sc-ostenland.de\/wp-content\/uploads\/2025\/05\/20250518_113645-Trusetaler-Wasserfall.jpg\" alt=\"\" width=\"446\" height=\"335\" srcset=\"https:\/\/sc-ostenland.de\/wp-content\/uploads\/2025\/05\/20250518_113645-Trusetaler-Wasserfall.jpg 8000w, https:\/\/sc-ostenland.de\/wp-content\/uploads\/2025\/05\/20250518_113645-Trusetaler-Wasserfall-768x576.jpg 768w\" sizes=\"(max-width: 446px) 100vw, 446px\" \/> <img loading=\"lazy\" decoding=\"async\" class=\"alignnone wp-image-4602\" src=\"https:\/\/sc-ostenland.de\/wp-content\/uploads\/2025\/05\/20250517_130818-Landgrafenschlucht.jpg\" alt=\"\" width=\"254\" height=\"339\" \/> <img loading=\"lazy\" decoding=\"async\" width=\"250\" height=\"346\" class=\"alignnone size-medium wp-image-4603\" src=\"https:\/\/sc-ostenland.de\/wp-content\/uploads\/2025\/05\/20250518_070710_Drachenschlucht--250x346.jpg\" alt=\"\" srcset=\"https:\/\/sc-ostenland.de\/wp-content\/uploads\/2025\/05\/20250518_070710_Drachenschlucht--250x346.jpg 250w, https:\/\/sc-ostenland.de\/wp-content\/uploads\/2025\/05\/20250518_070710_Drachenschlucht--700x970.jpg 700w, https:\/\/sc-ostenland.de\/wp-content\/uploads\/2025\/05\/20250518_070710_Drachenschlucht--768x1064.jpg 768w, https:\/\/sc-ostenland.de\/wp-content\/uploads\/2025\/05\/20250518_070710_Drachenschlucht--120x166.jpg 120w, https:\/\/sc-ostenland.de\/wp-content\/uploads\/2025\/05\/20250518_070710_Drachenschlucht-.jpg 1065w\" sizes=\"(max-width: 250px) 100vw, 250px\" \/> <img loading=\"lazy\" decoding=\"async\" class=\"alignnone wp-image-4604\" src=\"https:\/\/sc-ostenland.de\/wp-content\/uploads\/2025\/05\/IMG-20250518-WA0025-Drachenschlucht-Eisenach-250x333.jpg\" alt=\"\" width=\"260\" height=\"346\" srcset=\"https:\/\/sc-ostenland.de\/wp-content\/uploads\/2025\/05\/IMG-20250518-WA0025-Drachenschlucht-Eisenach-250x333.jpg 250w, https:\/\/sc-ostenland.de\/wp-content\/uploads\/2025\/05\/IMG-20250518-WA0025-Drachenschlucht-Eisenach-700x933.jpg 700w, https:\/\/sc-ostenland.de\/wp-content\/uploads\/2025\/05\/IMG-20250518-WA0025-Drachenschlucht-Eisenach-768x1024.jpg 768w, https:\/\/sc-ostenland.de\/wp-content\/uploads\/2025\/05\/IMG-20250518-WA0025-Drachenschlucht-Eisenach-1152x1536.jpg 1152w, https:\/\/sc-ostenland.de\/wp-content\/uploads\/2025\/05\/IMG-20250518-WA0025-Drachenschlucht-Eisenach-120x160.jpg 120w, https:\/\/sc-ostenland.de\/wp-content\/uploads\/2025\/05\/IMG-20250518-WA0025-Drachenschlucht-Eisenach.jpg 1536w\" sizes=\"(max-width: 260px) 100vw, 260px\" \/><\/p>\n<p>Am Samstag, den 17.8.25 ging es mit dem Bus los Richtung Eisenach. Dann begann unsere wundervolle Wanderung mit magischen Momenten durch die Landgrafen- und Drachenschlucht. Im Anschluss gab es leckeren Kuchen und dazu hei\u00dfen Kaffee. Nat\u00fcrlich alles drau\u00dfen. Am 2. Tag haben wir uns den Trusetaler Wasserfall angeschaut und sind dort die Stufen hinaufgestiegen. Eine kleine Wanderung durch den maigr\u00fcnen Wald. Ebenso haben wir den Klangpfad mit vielen nat\u00fcrlichen Instumenten genossen und viel ausprobiert.<\/p>\n<p>Ich bedanke mich bei allen f\u00fcr das entgegengebrachte Vertrauen und freue mich, wenn ihr bei den n\u00e4chsten Wanderungen wieder dabei sein m\u00f6chtet. Liebe Gr\u00fc\u00dfe an alle und bis bald, Monika<\/p>\n<p>&nbsp;<\/p>\n","protected":false},"excerpt":{"rendered":"Am Samstag, den 17.8.25 ging es mit dem Bus los Richtung Eisenach. Dann begann unsere wundervolle Wanderung mit magischen Momenten durch die Landgrafen- und Drachenschlucht. Im Anschluss gab es leckeren Kuchen und dazu hei\u00dfen Kaffee. Nat\u00fcrlich alles drau\u00dfen. Am 2. Tag haben wir uns den Trusetaler Wasserfall angeschaut und sind dort die Stufen hinaufgestiegen. Eine...<\/br><\/br><a class=\"view-article\" href=\"https:\/\/sc-ostenland.de\/index.php\/eisenach-wanderfahrt-vom-17-und-18-mai-2025\/.\">Artikel ansehen<\/a>","protected":false},"author":12,"featured_media":4622,"comment_status":"closed","ping_status":"open","sticky":false,"template":"","format":"standard","meta":{"_acf_changed":false,"footnotes":""},"categories":[9],"tags":[],"acf":[],"_links":{"self":[{"href":"https:\/\/sc-ostenland.de\/index.php\/wp-json\/wp\/v2\/posts\/4597"}],"collection":[{"href":"https:\/\/sc-ostenland.de\/index.php\/wp-json\/wp\/v2\/posts"}],"about":[{"href":"https:\/\/sc-ostenland.de\/index.php\/wp-json\/wp\/v2\/types\/post"}],"author":[{"embeddable":true,"href":"https:\/\/sc-ostenland.de\/index.php\/wp-json\/wp\/v2\/users\/12"}],"replies":[{"embeddable":true,"href":"https:\/\/sc-ostenland.de\/index.php\/wp-json\/wp\/v2\/comments?post=4597"}],"version-history":[{"count":5,"href":"https:\/\/sc-ostenland.de\/index.php\/wp-json\/wp\/v2\/posts\/4597\/revisions"}],"predecessor-version":[{"id":4608,"href":"https:\/\/sc-ostenland.de\/index.php\/wp-json\/wp\/v2\/posts\/4597\/revisions\/4608"}],"wp:featuredmedia":[{"embeddable":true,"href":"https:\/\/sc-ostenland.de\/index.php\/wp-json\/wp\/v2\/media\/4622"}],"wp:attachment":[{"href":"https:\/\/sc-ostenland.de\/index.php\/wp-json\/wp\/v2\/media?parent=4597"}],"wp:term":[{"taxonomy":"category","embeddable":true,"href":"https:\/\/sc-ostenland.de\/index.php\/wp-json\/wp\/v2\/categories?post=4597"},{"taxonomy":"post_tag","embeddable":true,"href":"https:\/\/sc-ostenland.de\/index.php\/wp-json\/wp\/v2\/tags?post=4597"}],"curies":[{"name":"wp","href":"https:\/\/api.w.org\/{rel}","templated":true}]}}