{"id":4609,"date":"2025-05-25T16:24:42","date_gmt":"2025-05-25T14:24:42","guid":{"rendered":"https:\/\/sc-ostenland.de\/?p=4609"},"modified":"2025-07-07T19:32:30","modified_gmt":"2025-07-07T17:32:30","slug":"gluehwuermchenwandern","status":"publish","type":"post","link":"https:\/\/sc-ostenland.de\/index.php\/gluehwuermchenwandern\/.","title":{"rendered":"Gl\u00fchw\u00fcrmchenwanderung am Samstag, den 5.7.25"},"content":{"rendered":"<p><a href=\"https:\/\/sc-ostenland.de\/wp-content\/uploads\/2025\/05\/Gluehwuermchentour-5.7.25.pdf\">Gl\u00fchw\u00fcrmchentour 5.7.25<\/a><a href=\"https:\/\/sc-ostenland.de\/wp-content\/uploads\/2025\/05\/Gluehwuermchentour-5.7.25.pdf\">Gl\u00fchw\u00fcrmchentour 5.7.25<\/a><a href=\"https:\/\/sc-ostenland.de\/wp-content\/uploads\/2025\/05\/Gluehwuermchenwanderung-05.07.25-Wandern-mit-Monika.docx\">Gl\u00fchw\u00fcrmchenwanderung 05.07.25<\/a><a href=\"https:\/\/sc-ostenland.de\/wp-content\/uploads\/2025\/05\/Gluehwuermchenwanderung-05.07.25-Wandern-mit-Monika.docx\"> Wandern mit Monika<\/a><\/p>\n<p>Die n\u00e4chste Wanderung findet am Samstag, den 05. Juli 2025 statt. Es geht erst am Abend los, da wir Gl\u00fchw\u00fcrmchen bewundern m\u00f6chten.<\/p>\n<p><strong>Wir treffen uns um 21:15 Uhr an der Biologischen Station <\/strong><strong>in Ostenland.<br \/>\n<\/strong><strong>Birkenallee 2 &#8212;&#8211;\u00a0 <em>bitte eine Taschenlampe mitbringen \ud83d\ude42<\/em><\/strong><\/p>\n<p><strong>Es geht Richtung Bad Lippspringe \u2013 Forsthaus<br \/>\n<\/strong>W<strong>ir werden Fahrgemeinschaften bilden.<br \/>\n<\/strong><strong><br \/>\n<\/strong><strong>L\u00e4nge der Wanderstrecke:\u00a0\u00a0\u00a0\u00a0\u00a0\u00a0\u00a0\u00a0\u00a0 ca.\u00a0\u00a0\u00a0\u00a0\u00a0 5,5 km<br \/>\nDauer der Wanderung:\u00a0\u00a0\u00a0\u00a0 \u00a0\u00a0 \u00a0\u00a0\u00a0\u00a0\u00a0\u00a0 <\/strong>\u00a0\u00a0<strong>ca.\u00a0\u00a0\u00a0\u00a0\u00a0 2,5 Std<br \/>\nRoute:\u00a0\u00a0\u00a0\u00a0\u00a0\u00a0\u00a0\u00a0\u00a0\u00a0\u00a0\u00a0\u00a0\u00a0\u00a0\u00a0\u00a0\u00a0\u00a0\u00a0\u00a0\u00a0\u00a0\u00a0\u00a0\u00a0\u00a0 mittelschwere Strecke<br \/>\nR\u00fcckkehr:\u00a0\u00a0\u00a0\u00a0\u00a0\u00a0\u00a0\u00a0\u00a0\u00a0 \u00a0\u00a0\u00a0\u00a0\u00a0\u00a0\u00a0\u00a0\u00a0\u00a0\u00a0\u00a0\u00a0\u00a0 ca.\u00a0 23:45\/0:00 Uhr\u00a0\u00a0\u00a0\u00a0\u00a0\u00a0\u00a0\u00a0\u00a0\u00a0\u00a0 <\/strong><\/p>\n<p><strong>Da in der Zeit die Gl\u00fchw\u00fcrmchen unterwegs sind, hoffe ich, dass wir viele Gl\u00fchw\u00fcrmchen fliegen, sehen <\/strong><\/p>\n<p><strong>Wer Interesse hat, mitzuwandern, meldet sich bitte bei mir<br \/>\n<\/strong><br \/>\n<strong>per Mail unter:<\/strong>\u00a0 <a href=\"mailto:wandernmitmonika@gmx.de\"><strong>wandernmitmonika@gmx.de<\/strong><\/a><strong><br \/>\n<\/strong><strong>oder telefonisch: 0176 415 61616<br \/>\noder bei Telegram<\/strong><\/p>\n<p><strong>Es darf jeder gerne mitwandern, auch, wenn man nicht im Ostenl\u00e4nder Sportverein Mitglied ist.<\/strong><\/p>\n<p><strong>\u00a0\u00a0\u00a0\u00a0\u00a0\u00a0\u00a0\u00a0\u00a0\u00a0\u00a0\u00a0\u00a0\u00a0\u00a0\u00a0\u00a0\u00a0\u00a0\u00a0\u00a0\u00a0\u00a0\u00a0\u00a0\u00a0\u00a0\u00a0\u00a0 Wir freuen uns auf unsere gemeinsame Wanderung!<\/strong><\/p>\n<p>&nbsp;<\/p>\n","protected":false},"excerpt":{"rendered":"Gl\u00fchw\u00fcrmchentour 5.7.25Gl\u00fchw\u00fcrmchentour 5.7.25Gl\u00fchw\u00fcrmchenwanderung 05.07.25 Wandern mit Monika Die n\u00e4chste Wanderung findet am Samstag, den 05. Juli 2025 statt. Es geht erst am Abend los, da wir Gl\u00fchw\u00fcrmchen bewundern m\u00f6chten. Wir treffen uns um 21:15 Uhr an der Biologischen Station in Ostenland. Birkenallee 2 &#8212;&#8211;\u00a0 bitte eine Taschenlampe mitbringen \ud83d\ude42 Es geht Richtung Bad Lippspringe \u2013...<\/br><\/br><a class=\"view-article\" href=\"https:\/\/sc-ostenland.de\/index.php\/gluehwuermchenwandern\/.\">Artikel ansehen<\/a>","protected":false},"author":12,"featured_media":4623,"comment_status":"closed","ping_status":"open","sticky":false,"template":"","format":"standard","meta":{"_acf_changed":false,"footnotes":""},"categories":[9],"tags":[],"acf":[],"_links":{"self":[{"href":"https:\/\/sc-ostenland.de\/index.php\/wp-json\/wp\/v2\/posts\/4609"}],"collection":[{"href":"https:\/\/sc-ostenland.de\/index.php\/wp-json\/wp\/v2\/posts"}],"about":[{"href":"https:\/\/sc-ostenland.de\/index.php\/wp-json\/wp\/v2\/types\/post"}],"author":[{"embeddable":true,"href":"https:\/\/sc-ostenland.de\/index.php\/wp-json\/wp\/v2\/users\/12"}],"replies":[{"embeddable":true,"href":"https:\/\/sc-ostenland.de\/index.php\/wp-json\/wp\/v2\/comments?post=4609"}],"version-history":[{"count":11,"href":"https:\/\/sc-ostenland.de\/index.php\/wp-json\/wp\/v2\/posts\/4609\/revisions"}],"predecessor-version":[{"id":4665,"href":"https:\/\/sc-ostenland.de\/index.php\/wp-json\/wp\/v2\/posts\/4609\/revisions\/4665"}],"wp:featuredmedia":[{"embeddable":true,"href":"https:\/\/sc-ostenland.de\/index.php\/wp-json\/wp\/v2\/media\/4623"}],"wp:attachment":[{"href":"https:\/\/sc-ostenland.de\/index.php\/wp-json\/wp\/v2\/media?parent=4609"}],"wp:term":[{"taxonomy":"category","embeddable":true,"href":"https:\/\/sc-ostenland.de\/index.php\/wp-json\/wp\/v2\/categories?post=4609"},{"taxonomy":"post_tag","embeddable":true,"href":"https:\/\/sc-ostenland.de\/index.php\/wp-json\/wp\/v2\/tags?post=4609"}],"curies":[{"name":"wp","href":"https:\/\/api.w.org\/{rel}","templated":true}]}}